{"id":8277,"date":"2016-02-23T00:00:00","date_gmt":"2016-02-23T00:00:00","guid":{"rendered":"http:\/\/www.equipamientointegraldeoficinas.com\/seleccion-de-sillas-de-oficina-polivalentes\/"},"modified":"2016-02-23T00:00:00","modified_gmt":"2016-02-23T00:00:00","slug":"seleccion-de-sillas-de-oficina-polivalentes","status":"publish","type":"post","link":"https:\/\/www.equipamientointegraldeoficinas.com\/es\/seleccion-de-sillas-de-oficina-polivalentes\/","title":{"rendered":"Selecci\u00f3n de sillas de oficina polivalentes: Un modelo para cada estilo decorativo"},"content":{"rendered":"<p style=\"text-align: justify;\"><img loading=\"lazy\" decoding=\"async\" class=\"aligncenter size-full wp-image-6902\" src=\"http:\/\/www.equipamientointegraldeoficinas.com\/wp-content\/uploads\/2016\/02\/sillas-de-oficina-kubika.jpg\" alt=\"Sillas de oficina Kubika\" width=\"650\" height=\"450\" \/><\/p>\n<p style=\"text-align: justify;\">Tan importante con las sillas del despacho o zonas de trabajo com\u00fan son las <strong>sillas polivalentes, aquellas que necesitamos para equipar \u00edntegramente toda la oficina tanto en su interior como en las zonas exteriores<\/strong>. En esta ocasi\u00f3n, la marca Dile Office centra nuestra selecci\u00f3n ya que con sus propuestas han catapultado la siller\u00eda de oficinas a la categor\u00eda de arte. <span style=\"color: #ee7502;\"><strong>6 piezas de mobiliario, 6 aut\u00e9nticas joyas.<\/strong><\/span><\/p>\n<p style=\"text-align: justify;\">En salas de proyecciones, en recintos habilitados para hacer presentaciones de empresa, en zonas de descanso o para equipar los exteriores de la sede de la empresa, <strong>las <a href=\"http:\/\/www.equipamientointegraldeoficinas.com\/es\/mobiliario-de-oficina\/sillas-de-oficina\/\" target=\"_blank\">sillas de oficina polivalentes<\/a> ofrecen aplicaciones m\u00faltiples<\/strong>. Sin embargo, lejos de mostrar dise\u00f1os sin personalidad, no solo apuestan por la funcionalidad y la comodidad, sino que nos ofrecen mil y una versiones en estilos decorativos muy diferentes.<\/p>\n<p style=\"text-align: justify;\">Para esta selecci\u00f3n de siller\u00eda polivalente para oficinas nos hemos basado en las propuestas m\u00e1s destacadas del fabricante Dile Office, con el que desde <a href=\"http:\/\/www.equipamientointegraldeoficinas.com\/\">Equipamiento Integral de Oficinas<\/a> venimos trabajando en nuestros proyectos con excelentes resultados.<\/p>\n<p style=\"text-align: justify;\">Sin m\u00e1s dilaci\u00f3n, pasamos a la acci\u00f3n y esperamos que, al final de este recorrido por el \u201carte de la siller\u00eda de oficina\u201d, escojas el estilo que m\u00e1s te guste.<\/p>\n<p style=\"text-align: justify;\"><a href=\"http:\/\/www.equipamientointegraldeoficinas.com\/es\/contacto\/\"><img loading=\"lazy\" decoding=\"async\" class=\"aligncenter size-full wp-image-6688\" src=\"http:\/\/www.equipamientointegraldeoficinas.com\/wp-content\/uploads\/2016\/01\/contacto-proyectos.jpg\" alt=\"contacto-proyectos\" width=\"624\" height=\"202\" \/><\/a><\/p>\n<h2 style=\"text-align: justify;\">6 Modelos de sillas polivalentes para oficinas con salas de usos m\u00faltiples<\/h2>\n<h3 style=\"text-align: justify;\">1. ARI, la silla todoterreno, apilable y con tratamiento anti-rayos UV<\/h3>\n<p style=\"text-align: justify;\"><img loading=\"lazy\" decoding=\"async\" class=\"aligncenter size-full wp-image-6903\" src=\"http:\/\/www.equipamientointegraldeoficinas.com\/wp-content\/uploads\/2016\/02\/sillas-de-oficina-ari.jpg\" alt=\"Sillas de oficina Ari\" width=\"650\" height=\"450\" \/><\/p>\n<p style=\"text-align: justify;\">Perfecta para su uso tanto en zonas de interior como de exterior, la <strong>sencillez<\/strong> es una de las notas cacracter\u00edsticas de las sillas polivalentes ARI de Dile Office. Con una pieza \u00fanica que conforma el respaldo y el asiento, <strong>estas sillas se apilan sin problemas facilitando su transporte<\/strong>.<\/p>\n<p style=\"text-align: justify;\"><img loading=\"lazy\" decoding=\"async\" class=\"aligncenter size-full wp-image-6904\" src=\"http:\/\/www.equipamientointegraldeoficinas.com\/wp-content\/uploads\/2016\/02\/sillas-polivalentes-ari-oficina.jpg\" alt=\"Sillas polivalentes oficina Ari\" width=\"650\" height=\"450\" \/><\/p>\n<p style=\"text-align: justify;\">Est\u00e1n disponibles en <strong>diversidad de colores<\/strong> (blanco, gris, azul cobalto, negro y verde), as\u00ed como en formato bancada para equipar salas de espera. Una buena elecci\u00f3n para oficinas pr\u00e1cticas.<\/p>\n<h3 style=\"text-align: justify;\">2. ATENEA, una silla vers\u00e1til que se adapta a las necesidades de cada espacio<\/h3>\n<p style=\"text-align: justify;\"><img loading=\"lazy\" decoding=\"async\" class=\"aligncenter size-full wp-image-6905\" src=\"http:\/\/www.equipamientointegraldeoficinas.com\/wp-content\/uploads\/2016\/02\/sillas-de-oficina-atenea.jpg\" alt=\"Sillas de oficina Atenea\" width=\"650\" height=\"450\" \/><\/p>\n<p style=\"text-align: justify;\">Con las sillas polivalentes ATENEA vamos un poco m\u00e1s all\u00e1. La simplicidad de las l\u00edneas se mantiene pero albergando dentro de la misma colecci\u00f3n <strong>diferentes opciones para ofrecer sillas polivalentes que sean \u00fatiles para espacios distintos<\/strong>.<\/p>\n<p style=\"text-align: justify;\"><img loading=\"lazy\" decoding=\"async\" class=\"aligncenter size-full wp-image-6906\" src=\"http:\/\/www.equipamientointegraldeoficinas.com\/wp-content\/uploads\/2016\/02\/sillas-polivalentes-atenea-oficina.jpg\" alt=\"Sillas polivalentes para oficina Atenea\" width=\"650\" height=\"450\" \/><\/p>\n<p style=\"text-align: justify;\">Apilables y ligeras, las sillas ATENEA dise\u00f1adas por Rafa Ortega son <strong>ergon\u00f3micas<\/strong> e integran reposabrazos lo que favorece la comodidad. De hecho, hay algunas que incluyen mesa auxiliar lateral perfectas para su ubicaci\u00f3n en salas de exposiciones o aulas formativas dentro de la empresa.<\/p>\n<h3 style=\"text-align: justify;\">3. KUBIKA, una apuesta por el dise\u00f1o m\u00e1s vanguardista y atemporal<\/h3>\n<p style=\"text-align: justify;\"><img loading=\"lazy\" decoding=\"async\" class=\"aligncenter size-full wp-image-6907\" src=\"http:\/\/www.equipamientointegraldeoficinas.com\/wp-content\/uploads\/2016\/02\/sillas-polivalentes-kubika-oficina.jpg\" alt=\"Sillas polivalentes de oficina Kubika\" width=\"650\" height=\"450\" \/><\/p>\n<p style=\"text-align: justify;\">\u00bfTe gusta el mobiliario que es capaz por s\u00ed solo de decorar un estancia creando un espacio \u00fanico y diferente? Si la respuesta es afirmativa, te confirmamos que la silla polivalente KUBIKA es la elecci\u00f3n perfecta para tu oficina. <strong>Igual puede decorar un despacho que equipar una sala de privacidad o una zona de oficio.<\/strong><\/p>\n<p style=\"text-align: justify;\">El acero cromado de su <strong>base disponible en 3 modalidades (giratoria, con pies de apoyo o base de plato)<\/strong> combinado con sus acabados en rojo, blanco y transparencias, dar\u00e1n esa chispa atrevida perfecta para <a href=\"http:\/\/www.equipamientointegraldeoficinas.com\/blog\/category\/decoracion-de-oficinas-en-madrid\/decoracion-de-oficinas-modernas\/\" target=\"_blank\">las oficinas m\u00e1s modernas y vanguardistas<\/a>.<\/p>\n<h3 style=\"text-align: justify;\">4. MADERA, la naturaleza como fuente de inspiraci\u00f3n en sillas funcionales<\/h3>\n<p style=\"text-align: justify;\"><img loading=\"lazy\" decoding=\"async\" class=\"aligncenter size-full wp-image-6908\" src=\"http:\/\/www.equipamientointegraldeoficinas.com\/wp-content\/uploads\/2016\/02\/sillas-de-oficina-madera.jpg\" alt=\"Sillas de oficina Madera\" width=\"650\" height=\"450\" \/><\/p>\n<p style=\"text-align: justify;\">Cuando vemos <strong>las sillas polivalentes de oficina MADERA de Dile Office nos invitan a situarlas en un espacio de trabajo donde la creatividad sea la nota dominante<\/strong>. Su acabados en madera natural o con lacados en colores tan llamativos como el naranja, el verde o el rosa, ayudan a crear zonas de trabajo muy agradables y divertidas.<\/p>\n<p style=\"text-align: justify;\"><img loading=\"lazy\" decoding=\"async\" class=\"aligncenter size-full wp-image-6909\" src=\"http:\/\/www.equipamientointegraldeoficinas.com\/wp-content\/uploads\/2016\/02\/sillas-polivalentes-madera-oficina.jpg\" alt=\"Sillas polivalentes de oficina Madera\" width=\"650\" height=\"450\" \/><\/p>\n<p style=\"text-align: justify;\">Adem\u00e1s, al estar disponibles <strong>tanto en 4 patas como con base de ruedas,<\/strong> estas sillas de oficina las podemos emplear para trabajar o bien en zonas de espera o salas de privacidad. \u00a1Imposible no dejarse llevar por su fuerza!<\/p>\n<h3 style=\"text-align: justify;\">5. TECNIC, la comodidad convertida en silla multiusos para oficinas<\/h3>\n<p style=\"text-align: justify;\"><img loading=\"lazy\" decoding=\"async\" class=\"aligncenter size-full wp-image-6910\" src=\"http:\/\/www.equipamientointegraldeoficinas.com\/wp-content\/uploads\/2016\/02\/sillas-de-oficina-tecnic.jpg\" alt=\"Sillas de oficina Tecnic\" width=\"650\" height=\"450\" \/><\/p>\n<p style=\"text-align: justify;\">Confort puro y duro. La colecci\u00f3n TECNIC de Dile Office nos ofrece <strong>sillas polivalentes c\u00f3modas, pr\u00e1cticas y apilables pero en formatos vers\u00e1tiles<\/strong>. De este modo, encontramos la silla ideal para equipar espacios donde la empresa puede desde hacer una presentaci\u00f3n de productos, ofrecer una jornada formativa o desarrollar reuniones con clientes o miembros del equipo.<\/p>\n<p style=\"text-align: justify;\"><img loading=\"lazy\" decoding=\"async\" class=\"aligncenter size-full wp-image-6911\" src=\"http:\/\/www.equipamientointegraldeoficinas.com\/wp-content\/uploads\/2016\/02\/sillas-polivalentes-tecnic-oficina.jpg\" alt=\"Sillas polivalentes de oficina Tecnic\" width=\"650\" height=\"450\" \/><\/p>\n<p style=\"text-align: justify;\">Con respaldo y asiento tapizado, <strong>TECNIC est\u00e1 disponibles con y sin reposabrazos<\/strong>, as\u00ed como con rejilla inferior para colocar enseres, sin olvidas el formato bancada.<\/p>\n<h3 style=\"text-align: justify;\">6. CLICK, color y diversi\u00f3n para una silla polivalente ligera y que no ocupa lugar<\/h3>\n<p style=\"text-align: justify;\"><img loading=\"lazy\" decoding=\"async\" class=\"aligncenter size-full wp-image-6912\" src=\"http:\/\/www.equipamientointegraldeoficinas.com\/wp-content\/uploads\/2016\/02\/sillas-de-oficina-click.jpg\" alt=\"Sillas de oficina Click\" width=\"650\" height=\"450\" \/><\/p>\n<p style=\"text-align: justify;\">\u00bfRecuerdas cuando habl\u00e1bamos de las <a href=\"http:\/\/www.equipamientointegraldeoficinas.com\/blog\/reformas-de-oficinas-pequenas\/\" target=\"_blank\"><strong>reformas de oficinas peque\u00f1as<\/strong> <\/a>y la importancia del espacio? Pues <strong>en la silla de oficina polivalente Click hallas el modelo de siller\u00eda perfecto para ocupar poco espacio sin perder comodidad<\/strong>. Se abre y se cierra por completo lo que permite guardarla en cualquier lugar.<\/p>\n<p style=\"text-align: justify;\"><img loading=\"lazy\" decoding=\"async\" class=\"aligncenter size-full wp-image-6913\" src=\"http:\/\/www.equipamientointegraldeoficinas.com\/wp-content\/uploads\/2016\/02\/sillas-polivalentes-click-oficina.jpg\" alt=\"Sillas polivalentes de oficina Click\" width=\"650\" height=\"450\" \/><\/p>\n<p style=\"text-align: justify;\">Adem\u00e1s, el color es otro de sus puntos m\u00e1s destacados. En salas de reuniones, zonas de trabajo en equipo o para su uso particular, estamos ante una <strong>silla totalmente reciclable fabricada con policarbonato y aluminio<\/strong>. \u00bfEl resultado? Ligereza y funcionalidad para tu espacios de trabajo.<\/p>\n<p style=\"text-align: justify;\">Como has podido comprobar, sillas de oficina para espacios polivalentes hay muchas. Solo debemos conocer bien nuestras necesidades y hacer la mejor elecci\u00f3n. As\u00ed, sentarse a trabajar ser\u00e1 todo un placer.<\/p>\n<p style=\"text-align: justify;\"><a href=\"http:\/\/www.equipamientointegraldeoficinas.com\/es\/contacto\/\"><img loading=\"lazy\" decoding=\"async\" class=\"aligncenter size-full wp-image-4574\" src=\"http:\/\/www.equipamientointegraldeoficinas.com\/wp-content\/uploads\/2014\/01\/boton-contactar.jpg\" alt=\"contacta\" width=\"650\" height=\"107\" \/><\/a><\/p>\n","protected":false},"excerpt":{"rendered":"<p>Tan importante con las sillas del despacho o zonas de trabajo com\u00fan son las sillas polivalentes, aquellas que necesitamos para equipar \u00edntegramente toda la oficina tanto en su interior como en las zonas exteriores. En esta ocasi\u00f3n, la marca Dile Office centra nuestra selecci\u00f3n ya que con sus propuestas han catapultado la siller\u00eda de oficinas &hellip; <a href=\"https:\/\/www.equipamientointegraldeoficinas.com\/es\/seleccion-de-sillas-de-oficina-polivalentes\/\">Continued<\/a><\/p>\n","protected":false},"author":1,"featured_media":8278,"comment_status":"closed","ping_status":"open","sticky":false,"template":"","format":"standard","meta":{"footnotes":""},"categories":[125,105,129,122,140,112,114,137,141],"tags":[],"class_list":["post-8277","post","type-post","status-publish","format-standard","has-post-thumbnail","hentry","category-decoracion-de-oficinas-en-madrid","category-mobiliario-de-oficina","category-decoracion-de-oficinas-modernas","category-salas-de-espera","category-salas-de-reunion","category-sillas-de-oficina","category-sillas-operativas","category-zonas-de-descanso","category-zonas-de-oficina"],"acf":[],"yoast_head":"<!-- This site is optimized with the Yoast SEO plugin v27.4 - https:\/\/yoast.com\/product\/yoast-seo-wordpress\/ -->\n<title>Selecci\u00f3n de sillas de oficina polivalentes: Un modelo para cada estilo decorativo - Solida Equipamiento Integral<\/title>\n<meta name=\"description\" content=\"Tan importante con las sillas del despacho o zonas de trabajo com\u00fan son las sillas polivalentes, aquellas que necesitamos para equipar \u00edntegramente toda\" \/>\n<meta name=\"robots\" content=\"index, follow, max-snippet:-1, max-image-preview:large, max-video-preview:-1\" \/>\n<link rel=\"canonical\" href=\"https:\/\/www.equipamientointegraldeoficinas.com\/es\/seleccion-de-sillas-de-oficina-polivalentes\/\" \/>\n<meta property=\"og:locale\" content=\"es_ES\" \/>\n<meta property=\"og:type\" content=\"article\" \/>\n<meta property=\"og:title\" content=\"Selecci\u00f3n de sillas de oficina polivalentes: Un modelo para cada estilo decorativo - Solida Equipamiento Integral\" \/>\n<meta property=\"og:description\" content=\"Tan importante con las sillas del despacho o zonas de trabajo com\u00fan son las sillas polivalentes, aquellas que necesitamos para equipar \u00edntegramente toda\" \/>\n<meta property=\"og:url\" content=\"https:\/\/www.equipamientointegraldeoficinas.com\/es\/seleccion-de-sillas-de-oficina-polivalentes\/\" \/>\n<meta property=\"og:site_name\" content=\"Solida Equipamiento Integral\" \/>\n<meta property=\"article:publisher\" content=\"https:\/\/www.facebook.com\/equipamientointegraldeoficinas\" \/>\n<meta property=\"article:published_time\" content=\"2016-02-23T00:00:00+00:00\" \/>\n<meta property=\"og:image\" content=\"https:\/\/www.equipamientointegraldeoficinas.com\/wp-content\/uploads\/sillas-de-oficina-kubika.jpg\" \/>\n\t<meta property=\"og:image:width\" content=\"650\" \/>\n\t<meta property=\"og:image:height\" content=\"450\" \/>\n\t<meta property=\"og:image:type\" content=\"image\/jpeg\" \/>\n<meta name=\"author\" content=\"Nitsnets\" \/>\n<meta name=\"twitter:card\" content=\"summary_large_image\" \/>\n<meta name=\"twitter:creator\" content=\"@oficina_muebles\" \/>\n<meta name=\"twitter:site\" content=\"@oficina_muebles\" \/>\n<meta name=\"twitter:label1\" content=\"Escrito por\" \/>\n\t<meta name=\"twitter:data1\" content=\"Nitsnets\" \/>\n\t<meta name=\"twitter:label2\" content=\"Tiempo de lectura\" \/>\n\t<meta name=\"twitter:data2\" content=\"4 minutos\" \/>\n<script type=\"application\/ld+json\" class=\"yoast-schema-graph\">{\"@context\":\"https:\\\/\\\/schema.org\",\"@graph\":[{\"@type\":\"Article\",\"@id\":\"https:\\\/\\\/www.equipamientointegraldeoficinas.com\\\/es\\\/seleccion-de-sillas-de-oficina-polivalentes\\\/#article\",\"isPartOf\":{\"@id\":\"https:\\\/\\\/www.equipamientointegraldeoficinas.com\\\/es\\\/seleccion-de-sillas-de-oficina-polivalentes\\\/\"},\"author\":{\"name\":\"Nitsnets\",\"@id\":\"https:\\\/\\\/www.equipamientointegraldeoficinas.com\\\/es\\\/#\\\/schema\\\/person\\\/32fa3e7aac60b2cdf55ea94d21358e60\"},\"headline\":\"Selecci\u00f3n de sillas de oficina polivalentes: Un modelo para cada estilo decorativo\",\"datePublished\":\"2016-02-23T00:00:00+00:00\",\"mainEntityOfPage\":{\"@id\":\"https:\\\/\\\/www.equipamientointegraldeoficinas.com\\\/es\\\/seleccion-de-sillas-de-oficina-polivalentes\\\/\"},\"wordCount\":884,\"publisher\":{\"@id\":\"https:\\\/\\\/www.equipamientointegraldeoficinas.com\\\/es\\\/#organization\"},\"image\":{\"@id\":\"https:\\\/\\\/www.equipamientointegraldeoficinas.com\\\/es\\\/seleccion-de-sillas-de-oficina-polivalentes\\\/#primaryimage\"},\"thumbnailUrl\":\"https:\\\/\\\/www.equipamientointegraldeoficinas.com\\\/wp-content\\\/uploads\\\/sillas-de-oficina-kubika.jpg\",\"articleSection\":[\"Decoraci\u00f3n de Oficinas en Madrid\",\"Mobiliario de oficina\",\"Oficinas Modernas\",\"Salas de espera\",\"Salas de reuni\u00f3n\",\"Sillas de oficina\",\"Sillas operativas\",\"Zonas de descanso\",\"Zonas de oficina\"],\"inLanguage\":\"es\"},{\"@type\":\"WebPage\",\"@id\":\"https:\\\/\\\/www.equipamientointegraldeoficinas.com\\\/es\\\/seleccion-de-sillas-de-oficina-polivalentes\\\/\",\"url\":\"https:\\\/\\\/www.equipamientointegraldeoficinas.com\\\/es\\\/seleccion-de-sillas-de-oficina-polivalentes\\\/\",\"name\":\"Selecci\u00f3n de sillas de oficina polivalentes: Un modelo para cada estilo decorativo - Solida Equipamiento Integral\",\"isPartOf\":{\"@id\":\"https:\\\/\\\/www.equipamientointegraldeoficinas.com\\\/es\\\/#website\"},\"primaryImageOfPage\":{\"@id\":\"https:\\\/\\\/www.equipamientointegraldeoficinas.com\\\/es\\\/seleccion-de-sillas-de-oficina-polivalentes\\\/#primaryimage\"},\"image\":{\"@id\":\"https:\\\/\\\/www.equipamientointegraldeoficinas.com\\\/es\\\/seleccion-de-sillas-de-oficina-polivalentes\\\/#primaryimage\"},\"thumbnailUrl\":\"https:\\\/\\\/www.equipamientointegraldeoficinas.com\\\/wp-content\\\/uploads\\\/sillas-de-oficina-kubika.jpg\",\"datePublished\":\"2016-02-23T00:00:00+00:00\",\"description\":\"Tan importante con las sillas del despacho o zonas de trabajo com\u00fan son las sillas polivalentes, aquellas que necesitamos para equipar \u00edntegramente toda\",\"breadcrumb\":{\"@id\":\"https:\\\/\\\/www.equipamientointegraldeoficinas.com\\\/es\\\/seleccion-de-sillas-de-oficina-polivalentes\\\/#breadcrumb\"},\"inLanguage\":\"es\",\"potentialAction\":[{\"@type\":\"ReadAction\",\"target\":[\"https:\\\/\\\/www.equipamientointegraldeoficinas.com\\\/es\\\/seleccion-de-sillas-de-oficina-polivalentes\\\/\"]}]},{\"@type\":\"ImageObject\",\"inLanguage\":\"es\",\"@id\":\"https:\\\/\\\/www.equipamientointegraldeoficinas.com\\\/es\\\/seleccion-de-sillas-de-oficina-polivalentes\\\/#primaryimage\",\"url\":\"https:\\\/\\\/www.equipamientointegraldeoficinas.com\\\/wp-content\\\/uploads\\\/sillas-de-oficina-kubika.jpg\",\"contentUrl\":\"https:\\\/\\\/www.equipamientointegraldeoficinas.com\\\/wp-content\\\/uploads\\\/sillas-de-oficina-kubika.jpg\",\"width\":650,\"height\":450,\"caption\":\"Sillas de oficina Kubika\"},{\"@type\":\"BreadcrumbList\",\"@id\":\"https:\\\/\\\/www.equipamientointegraldeoficinas.com\\\/es\\\/seleccion-de-sillas-de-oficina-polivalentes\\\/#breadcrumb\",\"itemListElement\":[{\"@type\":\"ListItem\",\"position\":1,\"name\":\"Portada\",\"item\":\"https:\\\/\\\/www.equipamientointegraldeoficinas.com\\\/es\\\/\"},{\"@type\":\"ListItem\",\"position\":2,\"name\":\"Selecci\u00f3n de sillas de oficina polivalentes: Un modelo para cada estilo decorativo\"}]},{\"@type\":\"WebSite\",\"@id\":\"https:\\\/\\\/www.equipamientointegraldeoficinas.com\\\/es\\\/#website\",\"url\":\"https:\\\/\\\/www.equipamientointegraldeoficinas.com\\\/es\\\/\",\"name\":\"Solida Equipamiento Integral\",\"description\":\"Solida Equipamiento Integral\",\"publisher\":{\"@id\":\"https:\\\/\\\/www.equipamientointegraldeoficinas.com\\\/es\\\/#organization\"},\"potentialAction\":[{\"@type\":\"SearchAction\",\"target\":{\"@type\":\"EntryPoint\",\"urlTemplate\":\"https:\\\/\\\/www.equipamientointegraldeoficinas.com\\\/es\\\/?s={search_term_string}\"},\"query-input\":{\"@type\":\"PropertyValueSpecification\",\"valueRequired\":true,\"valueName\":\"search_term_string\"}}],\"inLanguage\":\"es\"},{\"@type\":\"Organization\",\"@id\":\"https:\\\/\\\/www.equipamientointegraldeoficinas.com\\\/es\\\/#organization\",\"name\":\"Solida Equipamiento Integral\",\"url\":\"https:\\\/\\\/www.equipamientointegraldeoficinas.com\\\/es\\\/\",\"logo\":{\"@type\":\"ImageObject\",\"inLanguage\":\"es\",\"@id\":\"https:\\\/\\\/www.equipamientointegraldeoficinas.com\\\/es\\\/#\\\/schema\\\/logo\\\/image\\\/\",\"url\":\"https:\\\/\\\/www.equipamientointegraldeoficinas.com\\\/wp-content\\\/uploads\\\/logo-solida.png\",\"contentUrl\":\"https:\\\/\\\/www.equipamientointegraldeoficinas.com\\\/wp-content\\\/uploads\\\/logo-solida.png\",\"width\":424,\"height\":256,\"caption\":\"Solida Equipamiento Integral\"},\"image\":{\"@id\":\"https:\\\/\\\/www.equipamientointegraldeoficinas.com\\\/es\\\/#\\\/schema\\\/logo\\\/image\\\/\"},\"sameAs\":[\"https:\\\/\\\/www.facebook.com\\\/equipamientointegraldeoficinas\",\"https:\\\/\\\/x.com\\\/oficina_muebles\",\"https:\\\/\\\/www.instagram.com\\\/equipamientointegraloficinas\\\/\",\"https:\\\/\\\/www.linkedin.com\\\/company\\\/equipamiento-integral-de-oficinas\",\"https:\\\/\\\/es.pinterest.com\\\/oficinamuebles\\\/\",\"https:\\\/\\\/www.youtube.com\\\/user\\\/EquipamientoIntegral\"]},{\"@type\":\"Person\",\"@id\":\"https:\\\/\\\/www.equipamientointegraldeoficinas.com\\\/es\\\/#\\\/schema\\\/person\\\/32fa3e7aac60b2cdf55ea94d21358e60\",\"name\":\"Nitsnets\",\"image\":{\"@type\":\"ImageObject\",\"inLanguage\":\"es\",\"@id\":\"https:\\\/\\\/secure.gravatar.com\\\/avatar\\\/bb63899eaa99d123a80e3c00bb6708aca46310f73c853adc07ebbb66a2d2a60b?s=96&d=mm&r=g\",\"url\":\"https:\\\/\\\/secure.gravatar.com\\\/avatar\\\/bb63899eaa99d123a80e3c00bb6708aca46310f73c853adc07ebbb66a2d2a60b?s=96&d=mm&r=g\",\"contentUrl\":\"https:\\\/\\\/secure.gravatar.com\\\/avatar\\\/bb63899eaa99d123a80e3c00bb6708aca46310f73c853adc07ebbb66a2d2a60b?s=96&d=mm&r=g\",\"caption\":\"Nitsnets\"},\"url\":\"https:\\\/\\\/www.equipamientointegraldeoficinas.com\\\/es\\\/author\\\/nitsnets\\\/\"}]}<\/script>\n<!-- \/ Yoast SEO plugin. -->","yoast_head_json":{"title":"Selecci\u00f3n de sillas de oficina polivalentes: Un modelo para cada estilo decorativo - Solida Equipamiento Integral","description":"Tan importante con las sillas del despacho o zonas de trabajo com\u00fan son las sillas polivalentes, aquellas que necesitamos para equipar \u00edntegramente toda","robots":{"index":"index","follow":"follow","max-snippet":"max-snippet:-1","max-image-preview":"max-image-preview:large","max-video-preview":"max-video-preview:-1"},"canonical":"https:\/\/www.equipamientointegraldeoficinas.com\/es\/seleccion-de-sillas-de-oficina-polivalentes\/","og_locale":"es_ES","og_type":"article","og_title":"Selecci\u00f3n de sillas de oficina polivalentes: Un modelo para cada estilo decorativo - Solida Equipamiento Integral","og_description":"Tan importante con las sillas del despacho o zonas de trabajo com\u00fan son las sillas polivalentes, aquellas que necesitamos para equipar \u00edntegramente toda","og_url":"https:\/\/www.equipamientointegraldeoficinas.com\/es\/seleccion-de-sillas-de-oficina-polivalentes\/","og_site_name":"Solida Equipamiento Integral","article_publisher":"https:\/\/www.facebook.com\/equipamientointegraldeoficinas","article_published_time":"2016-02-23T00:00:00+00:00","og_image":[{"width":650,"height":450,"url":"https:\/\/www.equipamientointegraldeoficinas.com\/wp-content\/uploads\/sillas-de-oficina-kubika.jpg","type":"image\/jpeg"}],"author":"Nitsnets","twitter_card":"summary_large_image","twitter_creator":"@oficina_muebles","twitter_site":"@oficina_muebles","twitter_misc":{"Escrito por":"Nitsnets","Tiempo de lectura":"4 minutos"},"schema":{"@context":"https:\/\/schema.org","@graph":[{"@type":"Article","@id":"https:\/\/www.equipamientointegraldeoficinas.com\/es\/seleccion-de-sillas-de-oficina-polivalentes\/#article","isPartOf":{"@id":"https:\/\/www.equipamientointegraldeoficinas.com\/es\/seleccion-de-sillas-de-oficina-polivalentes\/"},"author":{"name":"Nitsnets","@id":"https:\/\/www.equipamientointegraldeoficinas.com\/es\/#\/schema\/person\/32fa3e7aac60b2cdf55ea94d21358e60"},"headline":"Selecci\u00f3n de sillas de oficina polivalentes: Un modelo para cada estilo decorativo","datePublished":"2016-02-23T00:00:00+00:00","mainEntityOfPage":{"@id":"https:\/\/www.equipamientointegraldeoficinas.com\/es\/seleccion-de-sillas-de-oficina-polivalentes\/"},"wordCount":884,"publisher":{"@id":"https:\/\/www.equipamientointegraldeoficinas.com\/es\/#organization"},"image":{"@id":"https:\/\/www.equipamientointegraldeoficinas.com\/es\/seleccion-de-sillas-de-oficina-polivalentes\/#primaryimage"},"thumbnailUrl":"https:\/\/www.equipamientointegraldeoficinas.com\/wp-content\/uploads\/sillas-de-oficina-kubika.jpg","articleSection":["Decoraci\u00f3n de Oficinas en Madrid","Mobiliario de oficina","Oficinas Modernas","Salas de espera","Salas de reuni\u00f3n","Sillas de oficina","Sillas operativas","Zonas de descanso","Zonas de oficina"],"inLanguage":"es"},{"@type":"WebPage","@id":"https:\/\/www.equipamientointegraldeoficinas.com\/es\/seleccion-de-sillas-de-oficina-polivalentes\/","url":"https:\/\/www.equipamientointegraldeoficinas.com\/es\/seleccion-de-sillas-de-oficina-polivalentes\/","name":"Selecci\u00f3n de sillas de oficina polivalentes: Un modelo para cada estilo decorativo - Solida Equipamiento Integral","isPartOf":{"@id":"https:\/\/www.equipamientointegraldeoficinas.com\/es\/#website"},"primaryImageOfPage":{"@id":"https:\/\/www.equipamientointegraldeoficinas.com\/es\/seleccion-de-sillas-de-oficina-polivalentes\/#primaryimage"},"image":{"@id":"https:\/\/www.equipamientointegraldeoficinas.com\/es\/seleccion-de-sillas-de-oficina-polivalentes\/#primaryimage"},"thumbnailUrl":"https:\/\/www.equipamientointegraldeoficinas.com\/wp-content\/uploads\/sillas-de-oficina-kubika.jpg","datePublished":"2016-02-23T00:00:00+00:00","description":"Tan importante con las sillas del despacho o zonas de trabajo com\u00fan son las sillas polivalentes, aquellas que necesitamos para equipar \u00edntegramente toda","breadcrumb":{"@id":"https:\/\/www.equipamientointegraldeoficinas.com\/es\/seleccion-de-sillas-de-oficina-polivalentes\/#breadcrumb"},"inLanguage":"es","potentialAction":[{"@type":"ReadAction","target":["https:\/\/www.equipamientointegraldeoficinas.com\/es\/seleccion-de-sillas-de-oficina-polivalentes\/"]}]},{"@type":"ImageObject","inLanguage":"es","@id":"https:\/\/www.equipamientointegraldeoficinas.com\/es\/seleccion-de-sillas-de-oficina-polivalentes\/#primaryimage","url":"https:\/\/www.equipamientointegraldeoficinas.com\/wp-content\/uploads\/sillas-de-oficina-kubika.jpg","contentUrl":"https:\/\/www.equipamientointegraldeoficinas.com\/wp-content\/uploads\/sillas-de-oficina-kubika.jpg","width":650,"height":450,"caption":"Sillas de oficina Kubika"},{"@type":"BreadcrumbList","@id":"https:\/\/www.equipamientointegraldeoficinas.com\/es\/seleccion-de-sillas-de-oficina-polivalentes\/#breadcrumb","itemListElement":[{"@type":"ListItem","position":1,"name":"Portada","item":"https:\/\/www.equipamientointegraldeoficinas.com\/es\/"},{"@type":"ListItem","position":2,"name":"Selecci\u00f3n de sillas de oficina polivalentes: Un modelo para cada estilo decorativo"}]},{"@type":"WebSite","@id":"https:\/\/www.equipamientointegraldeoficinas.com\/es\/#website","url":"https:\/\/www.equipamientointegraldeoficinas.com\/es\/","name":"Solida Equipamiento Integral","description":"Solida Equipamiento Integral","publisher":{"@id":"https:\/\/www.equipamientointegraldeoficinas.com\/es\/#organization"},"potentialAction":[{"@type":"SearchAction","target":{"@type":"EntryPoint","urlTemplate":"https:\/\/www.equipamientointegraldeoficinas.com\/es\/?s={search_term_string}"},"query-input":{"@type":"PropertyValueSpecification","valueRequired":true,"valueName":"search_term_string"}}],"inLanguage":"es"},{"@type":"Organization","@id":"https:\/\/www.equipamientointegraldeoficinas.com\/es\/#organization","name":"Solida Equipamiento Integral","url":"https:\/\/www.equipamientointegraldeoficinas.com\/es\/","logo":{"@type":"ImageObject","inLanguage":"es","@id":"https:\/\/www.equipamientointegraldeoficinas.com\/es\/#\/schema\/logo\/image\/","url":"https:\/\/www.equipamientointegraldeoficinas.com\/wp-content\/uploads\/logo-solida.png","contentUrl":"https:\/\/www.equipamientointegraldeoficinas.com\/wp-content\/uploads\/logo-solida.png","width":424,"height":256,"caption":"Solida Equipamiento Integral"},"image":{"@id":"https:\/\/www.equipamientointegraldeoficinas.com\/es\/#\/schema\/logo\/image\/"},"sameAs":["https:\/\/www.facebook.com\/equipamientointegraldeoficinas","https:\/\/x.com\/oficina_muebles","https:\/\/www.instagram.com\/equipamientointegraloficinas\/","https:\/\/www.linkedin.com\/company\/equipamiento-integral-de-oficinas","https:\/\/es.pinterest.com\/oficinamuebles\/","https:\/\/www.youtube.com\/user\/EquipamientoIntegral"]},{"@type":"Person","@id":"https:\/\/www.equipamientointegraldeoficinas.com\/es\/#\/schema\/person\/32fa3e7aac60b2cdf55ea94d21358e60","name":"Nitsnets","image":{"@type":"ImageObject","inLanguage":"es","@id":"https:\/\/secure.gravatar.com\/avatar\/bb63899eaa99d123a80e3c00bb6708aca46310f73c853adc07ebbb66a2d2a60b?s=96&d=mm&r=g","url":"https:\/\/secure.gravatar.com\/avatar\/bb63899eaa99d123a80e3c00bb6708aca46310f73c853adc07ebbb66a2d2a60b?s=96&d=mm&r=g","contentUrl":"https:\/\/secure.gravatar.com\/avatar\/bb63899eaa99d123a80e3c00bb6708aca46310f73c853adc07ebbb66a2d2a60b?s=96&d=mm&r=g","caption":"Nitsnets"},"url":"https:\/\/www.equipamientointegraldeoficinas.com\/es\/author\/nitsnets\/"}]}},"_links":{"self":[{"href":"https:\/\/www.equipamientointegraldeoficinas.com\/es\/wp-json\/wp\/v2\/posts\/8277","targetHints":{"allow":["GET"]}}],"collection":[{"href":"https:\/\/www.equipamientointegraldeoficinas.com\/es\/wp-json\/wp\/v2\/posts"}],"about":[{"href":"https:\/\/www.equipamientointegraldeoficinas.com\/es\/wp-json\/wp\/v2\/types\/post"}],"author":[{"embeddable":true,"href":"https:\/\/www.equipamientointegraldeoficinas.com\/es\/wp-json\/wp\/v2\/users\/1"}],"replies":[{"embeddable":true,"href":"https:\/\/www.equipamientointegraldeoficinas.com\/es\/wp-json\/wp\/v2\/comments?post=8277"}],"version-history":[{"count":0,"href":"https:\/\/www.equipamientointegraldeoficinas.com\/es\/wp-json\/wp\/v2\/posts\/8277\/revisions"}],"wp:featuredmedia":[{"embeddable":true,"href":"https:\/\/www.equipamientointegraldeoficinas.com\/es\/wp-json\/wp\/v2\/media\/8278"}],"wp:attachment":[{"href":"https:\/\/www.equipamientointegraldeoficinas.com\/es\/wp-json\/wp\/v2\/media?parent=8277"}],"wp:term":[{"taxonomy":"category","embeddable":true,"href":"https:\/\/www.equipamientointegraldeoficinas.com\/es\/wp-json\/wp\/v2\/categories?post=8277"},{"taxonomy":"post_tag","embeddable":true,"href":"https:\/\/www.equipamientointegraldeoficinas.com\/es\/wp-json\/wp\/v2\/tags?post=8277"}],"curies":[{"name":"wp","href":"https:\/\/api.w.org\/{rel}","templated":true}]}}